{"id":308,"date":"2018-08-28T15:08:50","date_gmt":"2018-08-28T13:08:50","guid":{"rendered":"https:\/\/leute-laender-leckereien.de\/wordpress\/?p=308"},"modified":"2018-11-23T15:06:37","modified_gmt":"2018-11-23T14:06:37","slug":"von-salta-nach-san-antonio-de-los-cobres","status":"publish","type":"post","link":"https:\/\/leute-laender-leckereien.de\/wordpress\/2018\/08\/28\/von-salta-nach-san-antonio-de-los-cobres\/","title":{"rendered":"von Salta nach San Antonio de los Cobres"},"content":{"rendered":"<p>W\u00e4hrend der Arbeiten am K\u00fchlsystem von Patty unternahmen wir insgesamt drei Testfahrten in Richtung San Antonio de los Cobres, eine Minenstadt auf \u00fcber 3.500 Meter Richtung chilenische Grenze. Kochte das K\u00fchlwasser bei der ersten Fahrt bereits nach wenigen Kilometern, kamen wir beim zweiten Versuch bereits bis auf \u00fcber 3.000m und beim dritten Mal erreichten wir dann schlie\u00dflich ohne Probleme das Viadukt La Polvorilla auf 4.148 Meter H\u00f6he, dem heutigen Endpunkt des <i>tren a las nubes<\/i>, dem Zug in die Wolken. Fuhr der Zug vor wenigen Jahren noch von Salta aus, wird heute der Zug nur noch zwischen San Antonio und dem ca. 15 Kilometer entfernten Viadukt betrieben, und zwar ausschlie\u00dflich zu touristischen Zwecken. Die Zeit, in der der Zug die einzige Verbindung der Bewohner dieses Tals zur Au\u00dfenwelt darstellte, sind lange vorbei.<\/p>\n<p>Bei den verschiedenen Testfahrten konnten wir die beeindruckende Landschaft zu verschiedensten Tageszeiten und bei unterschiedlichen Witterungsverh\u00e4ltnissen genie\u00dfen. Der Tourismus bringt neues Leben in die Bergd\u00f6rfer, bei Santa Rosa kann man die Reste einer vorinkaischen Siedlung bewundern, Uns am meisten beeindruckt aber hat die karge Landschaft. Wenn man in der sengenden Sonne in einer Ebene auf \u00fcber 3500 Metern zwischen mit Schneeresten bedeckten 5 und 6 Tausendern f\u00e4hrt, stellt man sich unweigerlich die Frage, was es Menschen dazu veranlasst hat, hier oben zu leben. \u00dcberall findet man einzelne Geb\u00e4ude oder kleinste Siedlungen, manche verlassen und teilweise verfallen, anderen dagegen noch immer bewohnt. Wie und wovon lebt man hier oben?<\/p>\n","protected":false},"excerpt":{"rendered":"<p>W\u00e4hrend der Arbeiten am K\u00fchlsystem von Patty unternahmen wir insgesamt drei Testfahrten in Richtung San Antonio de los Cobres, eine Minenstadt auf \u00fcber 3.500 Meter Richtung chilenische Grenze. Kochte das K\u00fchlwasser bei der ersten Fahrt bereits nach wenigen Kilometern, kamen <a href=\"https:\/\/leute-laender-leckereien.de\/wordpress\/2018\/08\/28\/von-salta-nach-san-antonio-de-los-cobres\/\"> Read more&#8230;<\/a><\/p>\n","protected":false},"author":1,"featured_media":334,"comment_status":"open","ping_status":"open","sticky":false,"template":"","format":"standard","meta":[],"categories":[5],"tags":[16,14,29],"_links":{"self":[{"href":"https:\/\/leute-laender-leckereien.de\/wordpress\/wp-json\/wp\/v2\/posts\/308"}],"collection":[{"href":"https:\/\/leute-laender-leckereien.de\/wordpress\/wp-json\/wp\/v2\/posts"}],"about":[{"href":"https:\/\/leute-laender-leckereien.de\/wordpress\/wp-json\/wp\/v2\/types\/post"}],"author":[{"embeddable":true,"href":"https:\/\/leute-laender-leckereien.de\/wordpress\/wp-json\/wp\/v2\/users\/1"}],"replies":[{"embeddable":true,"href":"https:\/\/leute-laender-leckereien.de\/wordpress\/wp-json\/wp\/v2\/comments?post=308"}],"version-history":[{"count":4,"href":"https:\/\/leute-laender-leckereien.de\/wordpress\/wp-json\/wp\/v2\/posts\/308\/revisions"}],"predecessor-version":[{"id":512,"href":"https:\/\/leute-laender-leckereien.de\/wordpress\/wp-json\/wp\/v2\/posts\/308\/revisions\/512"}],"wp:featuredmedia":[{"embeddable":true,"href":"https:\/\/leute-laender-leckereien.de\/wordpress\/wp-json\/wp\/v2\/media\/334"}],"wp:attachment":[{"href":"https:\/\/leute-laender-leckereien.de\/wordpress\/wp-json\/wp\/v2\/media?parent=308"}],"wp:term":[{"taxonomy":"category","embeddable":true,"href":"https:\/\/leute-laender-leckereien.de\/wordpress\/wp-json\/wp\/v2\/categories?post=308"},{"taxonomy":"post_tag","embeddable":true,"href":"https:\/\/leute-laender-leckereien.de\/wordpress\/wp-json\/wp\/v2\/tags?post=308"}],"curies":[{"name":"wp","href":"https:\/\/api.w.org\/{rel}","templated":true}]}}