{"id":746,"date":"2018-11-20T02:41:45","date_gmt":"2018-11-20T01:41:45","guid":{"rendered":"https:\/\/leute-laender-leckereien.de\/wordpress\/?p=746"},"modified":"2018-11-23T09:06:20","modified_gmt":"2018-11-23T08:06:20","slug":"salta-szenen-eindruecke-und-gedanken","status":"publish","type":"post","link":"https:\/\/leute-laender-leckereien.de\/wordpress\/2018\/11\/20\/salta-szenen-eindruecke-und-gedanken\/","title":{"rendered":"Salta &#8211; Eindr\u00fccke und Gedanken"},"content":{"rendered":"\t\t<div data-elementor-type=\"wp-post\" data-elementor-id=\"746\" class=\"elementor elementor-746 elementor-bc-flex-widget\" data-elementor-settings=\"[]\">\n\t\t\t\t\t\t<div class=\"elementor-inner\">\n\t\t\t\t\t\t\t<div class=\"elementor-section-wrap\">\n\t\t\t\t\t\t\t<section class=\"elementor-section elementor-top-section elementor-element elementor-element-7d5d7de elementor-section-boxed elementor-section-height-default elementor-section-height-default\" data-id=\"7d5d7de\" data-element_type=\"section\">\n\t\t\t\t\t\t<div class=\"elementor-container elementor-column-gap-default\">\n\t\t\t\t\t\t\t<div class=\"elementor-row\">\n\t\t\t\t\t<div class=\"elementor-column elementor-col-100 elementor-top-column elementor-element elementor-element-9c8216a\" data-id=\"9c8216a\" data-element_type=\"column\">\n\t\t\t<div class=\"elementor-column-wrap elementor-element-populated\">\n\t\t\t\t\t\t\t<div class=\"elementor-widget-wrap\">\n\t\t\t\t\t\t<div class=\"elementor-element elementor-element-30d7e9c elementor-widget elementor-widget-text-editor\" data-id=\"30d7e9c\" data-element_type=\"widget\" data-widget_type=\"text-editor.default\">\n\t\t\t\t<div class=\"elementor-widget-container\">\n\t\t\t\t\t<div class=\"elementor-text-editor elementor-clearfix\"><p style=\"margin-bottom: 0cm;\">Am Ende haben uns die Probleme rund um Pattys Motor mit Unterbrechungen fast zwei Monate in und um Salta beschert. Nat\u00fcrlich kam immer wieder mal Frust auf, vor allem auch deshalb, weil alles viel schneller und billiger h\u00e4tte erledigt sein k\u00f6nnen. Doch dieser recht lange Zwangsaufenthalt hatte auch seine guten Seiten. So war es uns m\u00f6glich, viel tiefer in diese tolle Stadt einzutauchen, den Einzug des Fr\u00fchlings mitzuerleben und die Stadt in immer anderen Farben zu sehen.<\/div>\n\t\t\t\t<\/div>\n\t\t\t\t<\/div>\n\t\t\t\t\t\t<\/div>\n\t\t\t\t\t<\/div>\n\t\t<\/div>\n\t\t\t\t\t\t\t\t<\/div>\n\t\t\t\t\t<\/div>\n\t\t<\/section>\n\t\t\t\t<section class=\"elementor-section elementor-top-section elementor-element elementor-element-1231edb elementor-section-boxed elementor-section-height-default elementor-section-height-default\" data-id=\"1231edb\" data-element_type=\"section\">\n\t\t\t\t\t\t<div class=\"elementor-container elementor-column-gap-default\">\n\t\t\t\t\t\t\t<div class=\"elementor-row\">\n\t\t\t\t\t<div class=\"elementor-column elementor-col-100 elementor-top-column elementor-element elementor-element-92927fb\" data-id=\"92927fb\" data-element_type=\"column\">\n\t\t\t<div class=\"elementor-column-wrap elementor-element-populated\">\n\t\t\t\t\t\t\t<div class=\"elementor-widget-wrap\">\n\t\t\t\t\t\t<div class=\"elementor-element elementor-element-e614b2f elementor-widget elementor-widget-text-editor\" data-id=\"e614b2f\" data-element_type=\"widget\" data-widget_type=\"text-editor.default\">\n\t\t\t\t<div class=\"elementor-widget-container\">\n\t\t\t\t\t<div class=\"elementor-text-editor elementor-clearfix\"><p style=\"margin-bottom: 0cm;\"><b>Salta &#8211; Tan linda que enamora.<\/b><\/p><p style=\"margin-bottom: 0cm;\"><b>\u00a0<\/b><\/p><p style=\"margin-bottom: 0cm;\">So wirbt die Stadt Salta auf Bussen, Plakatw\u00e4nden und anderen Orten f\u00fcr sich. Die Stadt sei also so s\u00fc\u00df, so sch\u00f6n, dass man sich in sie verlieben muss. Ohne die Probleme mit dem K\u00fchlsystem w\u00e4ren wir vermutlich nie nach Salta gefahren. Und zun\u00e4chst waren wir auch nur mit der Suche nach der Nissan-Werkstatt besch\u00e4ftigt. Dabei fuhren wir durch Stadtviertel und Stra\u00dfen, die eher absto\u00dfend wirkten, in keinem Fall aber ein \u201esich verlieben\u201c ausl\u00f6sen konnten. Dabei stellte sich erneut heraus, dass wir uns nicht auf die Angaben im Internet verlassen k\u00f6nnen. So fanden wir an der angegeben Adresse statt einer Werkstatt eine freie Fl\u00e4che, auf der sicher noch nie eine Autowerkstatt stand. Nach einigen Fragen und verschiedenen Hinweisen fanden wir schlie\u00dflich die Werkstatt. Sie lag nur wenig vom historischen Zentrum entfernt. Schon die Fahrt dorthin zeigte ein sehr freundliches und lebendiges Salta mit vielen, sch\u00f6nen Kolonialbauten. Hinter dem Monument des Martin Miguel de G\u00fcemes, einem Revolution\u00e4r und General des argentinischen Unabh\u00e4ngigkeitskrieges, auf dem Parkplatz des anthropologischen Museums, fanden wir einen ruhigen Schlafplatz. Sogar unsere Wassertanks konnten wir dort auff\u00fcllen. Ein Erkundungsspaziergang in der ersten Nacht zeigte viel Flair, tolle Bars und gem\u00fctliche Restaurants. Jetzt f\u00fchlten wir uns richtig wohl.<\/p><p style=\"margin-bottom: 0cm;\">\u00a0<\/p><\/div>\n\t\t\t\t<\/div>\n\t\t\t\t<\/div>\n\t\t\t\t\t\t<\/div>\n\t\t\t\t\t<\/div>\n\t\t<\/div>\n\t\t\t\t\t\t\t\t<\/div>\n\t\t\t\t\t<\/div>\n\t\t<\/section>\n\t\t\t\t<section class=\"elementor-section elementor-top-section elementor-element elementor-element-adbd1c7 elementor-section-boxed elementor-section-height-default elementor-section-height-default\" data-id=\"adbd1c7\" data-element_type=\"section\">\n\t\t\t\t\t\t<div class=\"elementor-container elementor-column-gap-default\">\n\t\t\t\t\t\t\t<div class=\"elementor-row\">\n\t\t\t\t\t<div class=\"elementor-column elementor-col-100 elementor-top-column elementor-element elementor-element-1ca567e\" data-id=\"1ca567e\" data-element_type=\"column\">\n\t\t\t<div class=\"elementor-column-wrap elementor-element-populated\">\n\t\t\t\t\t\t\t<div class=\"elementor-widget-wrap\">\n\t\t\t\t\t\t<div class=\"elementor-element elementor-element-b9bfe90 elementor-widget elementor-widget-image\" data-id=\"b9bfe90\" data-element_type=\"widget\" data-widget_type=\"image.default\">\n\t\t\t\t<div class=\"elementor-widget-container\">\n\t\t\t\t\t<div class=\"elementor-image\">\n\t\t\t\t\t\t\t\t\t\t<img width=\"730\" height=\"487\" src=\"https:\/\/leute-laender-leckereien.de\/wordpress\/wp-content\/uploads\/2018\/11\/Kultur-9-1-1200x801.jpg\" class=\"attachment-large size-large\" alt=\"\" loading=\"lazy\" srcset=\"https:\/\/leute-laender-leckereien.de\/wordpress\/wp-content\/uploads\/2018\/11\/Kultur-9-1-1200x801.jpg 1200w, https:\/\/leute-laender-leckereien.de\/wordpress\/wp-content\/uploads\/2018\/11\/Kultur-9-1-300x200.jpg 300w, https:\/\/leute-laender-leckereien.de\/wordpress\/wp-content\/uploads\/2018\/11\/Kultur-9-1-768x512.jpg 768w, https:\/\/leute-laender-leckereien.de\/wordpress\/wp-content\/uploads\/2018\/11\/Kultur-9-1-450x300.jpg 450w, https:\/\/leute-laender-leckereien.de\/wordpress\/wp-content\/uploads\/2018\/11\/Kultur-9-1.jpg 1280w\" sizes=\"(max-width: 730px) 100vw, 730px\" \/>\t\t\t\t\t\t\t\t\t\t\t<\/div>\n\t\t\t\t<\/div>\n\t\t\t\t<\/div>\n\t\t\t\t\t\t<\/div>\n\t\t\t\t\t<\/div>\n\t\t<\/div>\n\t\t\t\t\t\t\t\t<\/div>\n\t\t\t\t\t<\/div>\n\t\t<\/section>\n\t\t\t\t<section class=\"elementor-section elementor-top-section elementor-element elementor-element-ba08bd3 elementor-section-boxed elementor-section-height-default elementor-section-height-default\" data-id=\"ba08bd3\" data-element_type=\"section\">\n\t\t\t\t\t\t<div class=\"elementor-container elementor-column-gap-default\">\n\t\t\t\t\t\t\t<div class=\"elementor-row\">\n\t\t\t\t\t<div class=\"elementor-column elementor-col-100 elementor-top-column elementor-element elementor-element-a10c3ce\" data-id=\"a10c3ce\" data-element_type=\"column\">\n\t\t\t<div class=\"elementor-column-wrap elementor-element-populated\">\n\t\t\t\t\t\t\t<div class=\"elementor-widget-wrap\">\n\t\t\t\t\t\t<div class=\"elementor-element elementor-element-8ac8ef5 elementor-widget elementor-widget-text-editor\" data-id=\"8ac8ef5\" data-element_type=\"widget\" data-widget_type=\"text-editor.default\">\n\t\t\t\t<div class=\"elementor-widget-container\">\n\t\t\t\t\t<div class=\"elementor-text-editor elementor-clearfix\"><p>\u00a0<\/p><p style=\"margin-bottom: 0cm;\"><b>Messe, Museen und Milagros<\/b><\/p><p style=\"margin-bottom: 0cm;\">\u00a0<\/p><p style=\"margin-bottom: 0cm;\">Neben dem Flair hat Salta noch viel zu bieten. War das anthropologische Museum schon recht nett, beeindruckte das Museo de Arqueologia de Alta Montana, also das arch\u00e4ologische Museum des Hochgebirges, durch eine tolle Story, ausgefallene Exponate und eine sehr gelungene Gestaltung.<\/p><p style=\"margin-bottom: 0cm;\">Im Jahr 1999 haben Arch\u00e4ologen auf dem Thron der Inka, dem 6739 Meter hohem Llullaillaco an der n\u00f6rdlichen Grenze Argentiniens zu Chile, drei sehr gut erhaltene Kindermumien geborgen. Wenige Bilder dieses tollen Museums sind in den Galerien zu Salta zu sehen, doch dann entdeckte ich den Hinweis, dass das Fotografieren im Museum verboten ist. <br \/>Auf der Messe EXPO RURAL konnten wir dagegen ohne Probleme Bilder machen. Besonders angetan waren wir von den Reitdarbietungen und den sch\u00f6nen Pferden, die dabei zu sehen waren. Vermutlich ganz normal, sah ich jedoch zum ersten Mal, dass auch Pferde mit viel Haarspray h\u00fcbsch gemacht werden. Rinder und Schafe wurden pr\u00e4miert und nat\u00fcrlich auch gegrillt \u2013 schlie\u00dflich ist das hier Argentinien. Auffallend war, dass wir bei unserem mehrst\u00fcndigen Besuch auf der Messe keine Indigenas sahen. Es wirkte auf uns, als sei dies eine Veranstaltung von und f\u00fcr die Wei\u00dfen in Salta und Umgebung.<\/p><p style=\"margin-bottom: 0cm;\">Ganz anders ist das Bild bei den Pilgerstr\u00f6men, die anl\u00e4sslich der Fiesta Se\u00f1or y Virgen del Milagros oft tagelang unterwegs sind, um schlie\u00dflich am 15. September an den gro\u00dfen Messen in Salta teilzunehmen. Hier wirkt der Anteil der Indigenas sehr hoch. Wir kamen gerade von einer Testfahrt aus dem Hochgebirge zur\u00fcck, als wir auf die ersten Pilger trafen. Zun\u00e4chst dachten wir, es handele sich um einen Protestmarsch der Urbev\u00f6lkerung, \u00fcberall Banner und Fahnen. Doch bald war klar, dass es sich hier um eine religi\u00f6se Veranstaltung handelt. Laut Internet ist dies sogar das gr\u00f6\u00dfte christliche Fest S\u00fcdamerikas! Kurz \u00fcberlegten wir uns, auch in die Stadt zu fahren und das Spektakel auf uns wirken zu lassen. Doch beim Anblick der Menschenmassen, die auf den Stra\u00dfen Richtung Zentrum dr\u00e4ngten, konnte ich mir nicht vorstellen, wie wir das Zentrum h\u00e4tten erreichen k\u00f6nnen.<\/p><p style=\"margin-bottom: 0cm;\">\u00a0<\/p><\/div>\n\t\t\t\t<\/div>\n\t\t\t\t<\/div>\n\t\t\t\t\t\t<\/div>\n\t\t\t\t\t<\/div>\n\t\t<\/div>\n\t\t\t\t\t\t\t\t<\/div>\n\t\t\t\t\t<\/div>\n\t\t<\/section>\n\t\t\t\t<section class=\"elementor-section elementor-top-section elementor-element elementor-element-45a0a33 elementor-section-boxed elementor-section-height-default elementor-section-height-default\" data-id=\"45a0a33\" data-element_type=\"section\">\n\t\t\t\t\t\t<div class=\"elementor-container elementor-column-gap-default\">\n\t\t\t\t\t\t\t<div class=\"elementor-row\">\n\t\t\t\t\t<div class=\"elementor-column elementor-col-100 elementor-top-column elementor-element elementor-element-4f105a8\" data-id=\"4f105a8\" data-element_type=\"column\">\n\t\t\t<div class=\"elementor-column-wrap elementor-element-populated\">\n\t\t\t\t\t\t\t<div class=\"elementor-widget-wrap\">\n\t\t\t\t\t\t<div class=\"elementor-element elementor-element-d2fb0b1 elementor-widget elementor-widget-image\" data-id=\"d2fb0b1\" data-element_type=\"widget\" data-widget_type=\"image.default\">\n\t\t\t\t<div class=\"elementor-widget-container\">\n\t\t\t\t\t<div class=\"elementor-image\">\n\t\t\t\t\t\t\t\t\t\t<img width=\"730\" height=\"487\" src=\"https:\/\/leute-laender-leckereien.de\/wordpress\/wp-content\/uploads\/2018\/11\/DSC_4549-1200x801.jpg\" class=\"attachment-large size-large\" alt=\"\" loading=\"lazy\" srcset=\"https:\/\/leute-laender-leckereien.de\/wordpress\/wp-content\/uploads\/2018\/11\/DSC_4549-1200x801.jpg 1200w, https:\/\/leute-laender-leckereien.de\/wordpress\/wp-content\/uploads\/2018\/11\/DSC_4549-300x200.jpg 300w, https:\/\/leute-laender-leckereien.de\/wordpress\/wp-content\/uploads\/2018\/11\/DSC_4549-768x512.jpg 768w, https:\/\/leute-laender-leckereien.de\/wordpress\/wp-content\/uploads\/2018\/11\/DSC_4549-450x300.jpg 450w, https:\/\/leute-laender-leckereien.de\/wordpress\/wp-content\/uploads\/2018\/11\/DSC_4549.jpg 1280w\" sizes=\"(max-width: 730px) 100vw, 730px\" \/>\t\t\t\t\t\t\t\t\t\t\t<\/div>\n\t\t\t\t<\/div>\n\t\t\t\t<\/div>\n\t\t\t\t\t\t<\/div>\n\t\t\t\t\t<\/div>\n\t\t<\/div>\n\t\t\t\t\t\t\t\t<\/div>\n\t\t\t\t\t<\/div>\n\t\t<\/section>\n\t\t\t\t<section class=\"elementor-section elementor-top-section elementor-element elementor-element-b1a4346 elementor-section-boxed elementor-section-height-default elementor-section-height-default\" data-id=\"b1a4346\" data-element_type=\"section\">\n\t\t\t\t\t\t<div class=\"elementor-container elementor-column-gap-default\">\n\t\t\t\t\t\t\t<div class=\"elementor-row\">\n\t\t\t\t\t<div class=\"elementor-column elementor-col-100 elementor-top-column elementor-element elementor-element-9524bea\" data-id=\"9524bea\" data-element_type=\"column\">\n\t\t\t<div class=\"elementor-column-wrap elementor-element-populated\">\n\t\t\t\t\t\t\t<div class=\"elementor-widget-wrap\">\n\t\t\t\t\t\t<div class=\"elementor-element elementor-element-9b0d6c0 elementor-widget elementor-widget-text-editor\" data-id=\"9b0d6c0\" data-element_type=\"widget\" data-widget_type=\"text-editor.default\">\n\t\t\t\t<div class=\"elementor-widget-container\">\n\t\t\t\t\t<div class=\"elementor-text-editor elementor-clearfix\"><p>\u00a0<\/p><p style=\"margin-bottom: 0cm;\"><b>Die Menschen dieser Stadt<\/b><\/p><p style=\"margin-bottom: 0cm;\"><b>\u00a0<\/b><\/p><p style=\"margin-bottom: 0cm;\">Auf uns wirkten die Menschen hier viel entspannter als wir es aus der Heimat gewohnt waren. Kein Dr\u00e4ngeln oder Hupen, keine Hektik, stattdessen sieht man meist eine angenehm wirkende Mischung aus Gelassenheit und Quirligkeit, au\u00dfer zur Siesta. Da werden in der Stadt die B\u00fcrgersteige hochgeklappt und die Innenstadt wirkt wie ausgestorben.<\/p><p style=\"margin-bottom: 0cm;\">Wenn man in die Gesichter der Leute schaut, glaubt man viele gl\u00fcckliche oder zufriedene Menschen zu erkennen. Dabei geht es den meisten wirtschaftlich sicher nicht so gut. Einzig ein Stra\u00dfenmusikant hatte ein etwas verbissenes Gesicht. Doch vermutlich sah dies nur so aus, seine Musik klang zwar etwas melancholisch, aber \u00e4u\u00dferst warmherzig. Aber vielleicht wirken die Leute nur so und die Realit\u00e4t ist eine andere?<\/p><p style=\"margin-bottom: 0cm;\">Sehr interessiert haben mich die Strassenverk\u00e4ufer in all ihrer Vielfalt. Das f\u00e4ngt an mit dem offensichtlich illegalen Anbieten von Kleidung, oft Socken und Unterw\u00e4sche, auf schnell ausgebreiteten Plastikfolien. Kommt die Wirtschaftsaufsicht, wird alles schnell zu einem B\u00fcndel gepackt und \u00fcber die Schulter geworfen. Hat man allerdings gerade einen Kunden, wird das Gesch\u00e4ft noch abgeschlossen &#8211; vor den Augen der Aufsicht. Und ist diese dann wieder 50 oder 100 Meter weiter weg ,wird die Folie wieder ausgebreitet und das Spiel geht von vorne los. Einige brauchen gar keine Folie, denn sie haben nur eine Schachtel mit Billigfeuerzeugen oder Kugelschreiber dabei. Und dann wird alle paar Sekunden gerufen. \u201edos por quince\u201c, also 2 f\u00fcr 15 Pesos. Allerdings scheint es so, dass abends, nach Ladenschluss, das Verkaufen von Waren auf Plastikfolien in der Innenstadt legal ist. Keiner rennt davon, die \u201eMarktst\u00e4nde\u201c sind viel aufwendiger und es gibt fast nichts, was es nicht zu kaufen gibt.<\/p><p style=\"margin-bottom: 0cm;\">Eine ganz andere Gruppe sind die Menschen mit ihren mobilen K\u00fcchen. Es scheint so, als ob sie Tag ein, Tag aus ihre K\u00fcche aufbauen und teilweise den ganzen Tag dort mit Ihrer Familie verbringen. Angeboten werden oft Empanadas (mit K\u00e4se, Fleisch oder Huhn gef\u00fcllte Teigtachsen) oder Humitas (eine aufwendig hergestellte Maismasse, die meist mit Hackfleisch und anderen Zutaten gef\u00fcllt und mit Maisbl\u00e4ttern zu kleinen P\u00e4ckchen geschn\u00fcrt und gegart werden). Oft wird aber auch gegrillt. <br \/>Neben all dem findet man Verk\u00e4ufer f\u00fcr Obst und Gem\u00fcse mit teils abenteuerlichen, selbstgebauten Verkaufsst\u00e4nden, Verk\u00e4ufer von Popcorn und Zuckerwatte, Anbieter von Obsts\u00e4ften mit Fr\u00fcchten, Fruchtgelatinen oder frischgepresstem Orangensaft. Aber auch Brillen, Schmuck, Selfiesticks und vieles, vieles mehr kann auf der Strasse gekauft werden. Einige wenige verkaufen auch gar nichts, sie betteln. Und die Bereitschaft, ihnen etwas zu geben, ist scheinbar gar nicht so klein.<\/p><p style=\"margin-bottom: 0cm;\">Wie schon auf der EXPO RURAL beobachtet, scheint es eine tiefere Abgrenzung zwischen Wei\u00dfen und den Indigenas zu geben. Die Strassenverk\u00e4ufer rekrutieren sich haupts\u00e4chlich aus der Gruppe der Indigenas. F\u00fcr deren Frauen ist es auch v\u00f6llig normal, ihr Baby w\u00e4hrend des Alltags zu stillen, ganz egal, ob sie gerade durch die Stadt schlendern, im Supermarkt einkaufen oder in der Bank warten. Dagegen werden die teils irrwitzig hohen Schuhe wohl nur von wei\u00dfen Frauen getragen.<\/p><p style=\"margin-bottom: 0cm;\">\u00a0<\/p><\/div>\n\t\t\t\t<\/div>\n\t\t\t\t<\/div>\n\t\t\t\t\t\t<\/div>\n\t\t\t\t\t<\/div>\n\t\t<\/div>\n\t\t\t\t\t\t\t\t<\/div>\n\t\t\t\t\t<\/div>\n\t\t<\/section>\n\t\t\t\t<section class=\"elementor-section elementor-top-section elementor-element elementor-element-2530eed elementor-section-boxed elementor-section-height-default elementor-section-height-default\" data-id=\"2530eed\" data-element_type=\"section\">\n\t\t\t\t\t\t<div class=\"elementor-container elementor-column-gap-default\">\n\t\t\t\t\t\t\t<div class=\"elementor-row\">\n\t\t\t\t\t<div class=\"elementor-column elementor-col-100 elementor-top-column elementor-element elementor-element-33e64cb\" data-id=\"33e64cb\" data-element_type=\"column\">\n\t\t\t<div class=\"elementor-column-wrap elementor-element-populated\">\n\t\t\t\t\t\t\t<div class=\"elementor-widget-wrap\">\n\t\t\t\t\t\t<div class=\"elementor-element elementor-element-7d39ce2 elementor-widget elementor-widget-image\" data-id=\"7d39ce2\" data-element_type=\"widget\" data-widget_type=\"image.default\">\n\t\t\t\t<div class=\"elementor-widget-container\">\n\t\t\t\t\t<div class=\"elementor-image\">\n\t\t\t\t\t\t\t\t\t\t<img width=\"730\" height=\"487\" src=\"https:\/\/leute-laender-leckereien.de\/wordpress\/wp-content\/uploads\/2018\/11\/DSC_9000-1200x800.jpg\" class=\"attachment-large size-large\" alt=\"\" loading=\"lazy\" srcset=\"https:\/\/leute-laender-leckereien.de\/wordpress\/wp-content\/uploads\/2018\/11\/DSC_9000-1200x800.jpg 1200w, https:\/\/leute-laender-leckereien.de\/wordpress\/wp-content\/uploads\/2018\/11\/DSC_9000-300x200.jpg 300w, https:\/\/leute-laender-leckereien.de\/wordpress\/wp-content\/uploads\/2018\/11\/DSC_9000-768x512.jpg 768w, https:\/\/leute-laender-leckereien.de\/wordpress\/wp-content\/uploads\/2018\/11\/DSC_9000-450x300.jpg 450w, https:\/\/leute-laender-leckereien.de\/wordpress\/wp-content\/uploads\/2018\/11\/DSC_9000.jpg 1280w\" sizes=\"(max-width: 730px) 100vw, 730px\" \/>\t\t\t\t\t\t\t\t\t\t\t<\/div>\n\t\t\t\t<\/div>\n\t\t\t\t<\/div>\n\t\t\t\t\t\t<\/div>\n\t\t\t\t\t<\/div>\n\t\t<\/div>\n\t\t\t\t\t\t\t\t<\/div>\n\t\t\t\t\t<\/div>\n\t\t<\/section>\n\t\t\t\t<section class=\"elementor-section elementor-top-section elementor-element elementor-element-050ba20 elementor-section-boxed elementor-section-height-default elementor-section-height-default\" data-id=\"050ba20\" data-element_type=\"section\">\n\t\t\t\t\t\t<div class=\"elementor-container elementor-column-gap-default\">\n\t\t\t\t\t\t\t<div class=\"elementor-row\">\n\t\t\t\t\t<div class=\"elementor-column elementor-col-100 elementor-top-column elementor-element elementor-element-b37dd85\" data-id=\"b37dd85\" data-element_type=\"column\">\n\t\t\t<div class=\"elementor-column-wrap elementor-element-populated\">\n\t\t\t\t\t\t\t<div class=\"elementor-widget-wrap\">\n\t\t\t\t\t\t<div class=\"elementor-element elementor-element-b172c8e elementor-widget elementor-widget-text-editor\" data-id=\"b172c8e\" data-element_type=\"widget\" data-widget_type=\"text-editor.default\">\n\t\t\t\t<div class=\"elementor-widget-container\">\n\t\t\t\t\t<div class=\"elementor-text-editor elementor-clearfix\"><p>\u00a0<\/p><p style=\"margin-bottom: 0cm;\"><b>Busfahren, Tag der deutschen Einheit und Charlie Chan<\/b><\/p><p style=\"margin-bottom: 0cm;\"><b>\u00a0<\/b><\/p><p style=\"margin-bottom: 0cm;\">Obwohl wir vorher nur einen netten Abend zusammen verbracht hatten, bot uns ein Deutscher spontan sein G\u00e4stezimmer an, als er von dem Motorschaden erfuhr. Er wohnt etwas au\u00dferhalb der Stadt in der N\u00e4he des Flusses, wo wir einige idyllische Grillabende verbrachten. Bei mehr als 15 Kilometer Entfernung zum Stadtzentrum habe ich die Idee, zu Fu\u00df dorthin zu gelangen, sehr schnell wieder beerdigt. Das Taxi w\u00e4re auf Dauer recht teuer gekommen und so hie\u00df, das lokale Bussystem kennenzulernen. Die einzelnen Linien k\u00f6nnen gut im Internet nachgeschaut werden, soweit man etwas Spanisch beherrscht. Schwieriger war es schon, an eine entsprechende Karte zu kommen. Busfahren in Salta funktioniert ausschlie\u00dflich bargeldlos. Man kauft sich eine entsprechende Karte, l\u00e4dt diese auf und bei jedem Betreten wird am Leseger\u00e4t mit einem deutlich wahrnehmbaren \u201ePiep\u201c der Fahrpreis abgezogen. Jede Fahrt kostet gleich viel, man bezahlt also das Eintreten in den Bus, nicht die Strecke. Nur waren die Verkaufsstellen nicht so leicht zu finden. Nachdem f\u00fcnf Kioske, zu denen wir geschickt wurden, geschlossen hatten, waren wir endlich erfolgreich. Ab in den Bus!<\/p><p style=\"margin-bottom: 0cm;\">Busfahren hier unterscheidet sich deutlich von dem, was wir aus der Heimat kennen. Man h\u00e4lt den richtigen Bus einfach mit ausgestrecktem Arm an, scheinbar teilweise auch au\u00dferhalb der Haltestellen. Die Busse kommen mit hoher Geschwindigkeit auf Dich zu und bremsen erst sehr sp\u00e4t. W\u00e4hrend dessen sind die T\u00fcren l\u00e4ngst offen und die aussteigenden Fahrg\u00e4ste befinden sich teilweise schon auf dem Trittbrett. Im Bus f\u00e4llt sofort auf, dass hier mit Handschaltung gefahren wird. Au\u00dferdem wirkt alles viel einfacher, aber auch deutlich robuster. Es gibt sehr viele Busse in Salta, nicht wenige davon wurden von Mercedes gebaut.<\/p><p style=\"margin-bottom: 0cm;\">Der Bus ist hier f\u00fcr sehr viele Leute das Hauptverkehrsmittel. Doch genau an dem Tag, an dem wir das erste Mal in die Stadt fahren wollten, gab es einen Generalstreik. Und so fuhren auch keine Busse. So weit au\u00dferhalb, wie wir uns befanden, kam aber auch kein Taxi vorbei. Uns blieb also nur, per Anhalter zu fahren. Nach gef\u00fchlten 10 Minuten hielt auch tats\u00e4chlich ein Auto. Eine Indiofamilie fuhr mit ihrem uralten Peugoet Pick-Up, ein rostig roter und verbeulter 504, in die Innenstadt. Wir durften auf die Ladefl\u00e4che klettern und hatten so einen ungetr\u00fcbten, jedoch sehr luftigen Blick auf den Weg ins Zentrum.<\/p><p style=\"margin-bottom: 0cm;\">Auch einige Deutsche lernten wir durch unseren Zwangsaufentahlt in Salta kennen. Alle zusammen trafen wir anl\u00e4sslich einer Feier zum Tag der Deutschen Einheit. Im Kulturzentrum, direkt neben dem Konsulat gelegen, in dem ich mir Wochen zuvor die ersten Tipps bez\u00fcglich einer Autorepatur holte, versuchte man mit Bier, Kraut mit W\u00fcrstel und etwas, was Apfelstrudel h\u00e4tte sein sollen, ein wenig Deutschlandflair zu verbreiten. Das wirklich Interessante waren aber die \u00e4u\u00dferst unterschiedlichen Charaktere, diean unserem Tisch sa\u00dfen. Da war zun\u00e4chst unser ehemaliger Gastgeber, der uns in unserer Notlage sofort sein G\u00e4stezimmer angeboten hatte. Sicher, wir h\u00e4tten nat\u00fcrlich auch gut in Patty schlafen k\u00f6nnen. Unser guter Camper parkte zun\u00e4chst vor einer Werkstatt nicht weit weg vom Stadtzentrum und all unsere Sachen waren daher um uns. Leider ging dann das \u201eHelfenwollen\u201c in eine falsche Richtung. Statt der angefragten \u00dcbersetzungshilfe (unser Spanisch ist, bzw war zu diesem Zeitpunkt noch nicht ausreichend, um alles mit den Mechanikern kl\u00e4ren zu k\u00f6nnen), wurde \u2013 ohne uns zu fragen \u2013 Patty ausgel\u00f6st und in eine andere Werkstatt geschleppt. Dazu sp\u00e4ter und an anderer Stelle mehr. \u00dcberhaupt f\u00fchlte sich das \u201eHelfen\u201c immer mehr wie ein \u201eMissionieren\u201c an. Ein Nissan, das gehe ja gar nicht! Ich solle doch den Wagen in Peru verkaufen und mir einen Toyota SingleCab (also einen Zweistzer Pick-Up) in Argentinien kaufen. Dann w\u00e4re alles gut. Dann m\u00fcsse ich auch nicht mehr so unbequem in einem Auto schlafen. Denn wer mache dies schon freiwillig, wenn er auch in einem guten Hotel schlafen k\u00f6nne. Abgesehen davon, dass sowohl ein Verkauf von Patty als auch ein Kauf eines Toyotas weder m\u00f6glich noch sinnvoll gewesen w\u00e4re, wurde uns schnell klar, dass hier das Verst\u00e4ndnis f\u00fcr andere Ansichten oder Lebensphilosophien nur recht gering ausgepr\u00e4gt war<span style=\"color: #c5000b;\">. <\/span>Und so wurde das Verh\u00e4ltnis leider immer belasteter. Schlie\u00dflich sagte er mir in unserem letzten Gespr\u00e4ch, dass mir doch inzwischen drei Leute aus Salta gesagt haben, ich m\u00fcsse den Nissan verkaufen und mir einen Toyota zulegen. Aber ich w\u00fcsste ja alles besser, mir sei leider nicht zu helfen! Doch als Hilfe erbat ich mir lediglich etwas Unterst\u00fctzung bei der Kommunikation mit der Werkstatt. Dies ist \u00fcbrigens nie geschehen. Der Kontakt existiert heute nicht mehr.<\/p><p style=\"margin-bottom: 0cm;\">Ganz anders elebten wir den deutsche Konsul in Salta, Dr. Werner Gr\u00e4fe, den wir im Rahmen der Feier erstmals pers\u00f6nlich kennen lernten. Er wirkte sehr nett und sympathisch auf uns und hat eine sehr gem\u00fctliche Ausstrahlung. Als \u201eNoch-Konsul\u201c (er wartet nur noch auf die offizielle Einf\u00fchrung seiner Nachfolgerin)\u00a0 kennt er nat\u00fcrlich sehr viele Leute. So gab es leider kaum eine Gelegenheit, sich mit ihm zu unterhalten. Dies konnten wir einige Tage sp\u00e4ter, in einem Caf\u00e9 im Stadtzentrum, nachholen. In einer ungew\u00f6hlich kurzweiligen Unterhaltung stellten wir fest, dass er mit seinem Gel\u00e4ndewagen (\u00fcbrigens ein Toyota) vor vielen Jahren eine sehr \u00e4hnliche Geschichte durchgemacht hat. Er f\u00e4hrt den Wagen noch heute. Werner ist ein wirklich cooler Typ. Er f\u00e4hrt im Alter von 65 Jahren am sp\u00e4ten Abend auf \u00dc30-Partys oder erkundet Deutschland im Dachzelt auf einem ziemlich alten Mercedes. Sehr beeindruckt hat uns seine Entscheidung, deutlich vor dem Renteneintrittsalter die Rei\u00dfleine zu ziehen, sein sicher recht gut gehendes Hotel zu verpachten und stattdessen das Leben zu genie\u00dfen. Eine sehr sympathisch Lebenseinstellung! Wir haben noch immer regelm\u00e4\u00dfig Kontakt mit Werner und wenn uns unser sp\u00e4terer Weg Richtung Feuerland wieder in die N\u00e4he von Salta f\u00fchrt, werden wir uns sicher wiedersehen. Wir freuen uns schon darauf!<\/p><p style=\"margin-bottom: 0cm;\">Und was hat jetzt Charly Chan in einem Bericht \u00fcber Salta zu suchen? F\u00fcr diejenigen, die Charly Chan nicht kennen: Er ist ein Detektiv mit chinesichen Wurzeln, der auf seine ganz eigene Art verschiedenste Kriminalf\u00e4lle l\u00f6ste. \u201eEntschuldigung, bitte\u201c zum Beginn eines Satzes, oder ein \u201eDanke sehr, vielmals\u201c waren Markenzeichen der deutschen Version dieser Filme, die ab den Vierziger Jahren in schwarzwei\u00df gedreht wurden. Und jetzt die Beziehung zu Salta: nachdem wir nicht mehr in das G\u00e4stezimmer zur\u00fcck wollten (vielleicht h\u00e4tte man uns auch gar nicht mehr aufnehmen wollen) suchten wir uns ein Hostel in der Stadt. Und zwar eines mit Innengarten und Grill, schlie\u00dflich wollten wir die Zeit ja auch genie\u00dfen. Das Zimmer war okey, die Betten auch, aber gut schlafen konnten wir nicht. Und ich fand nicht die richtige Stimmung, um weitere Beitr\u00e4ge f\u00fcr unsere Webseite zu verfassen. Da waren noch zu viele Emotionen in mir, die aus meiner Sicht in der \u00d6ffentlichkeit nichts zu suchen haben Also blieb die Ablenkung. Da wir ein einigerma\u00dfen vern\u00fcntiges WiFi hatten, schauten wir uns so jede Nacht eine Folge von Charly Chan an. Das war Kindheitserinnerung auf der einen Seite, Zerstreuung auf der anderen. Bleibt noch eine kuriose Randnotiz zum Thema Hostel. Nach wenigen Tagen merkten wir, dass jeden Abend und jede Nacht verschiedene M\u00e4nner im Wechsel auf einem Hocker vor einer Zimmert\u00fcr sa\u00dfen. Alle hatten sie ein Funkger\u00e4t dabei. Bald stellte sich heraus, dass sich ein junger Engl\u00e4nder unter Hausarrest befand und rund um die Uhr von Polizei bewacht wurde. Wir waren uns sehr sicher, dass niemand in unser Zimmer einsteigen w\u00fcrde.<\/p><p style=\"margin-bottom: 0cm;\">Eigentlich war der Schaden am Motor gar nicht so gro\u00df. Ein gerissener Zylinderkopf, offensichtlich als Folge des falsch zusammengebauten Motors bei der letzten Motor\u00fcberholung und der daraus relustierenden deutlich erh\u00f6ten Temperaturen. Leider wurde daraus eine lange andauernde, teure und sehr nervende Angelegenheit, die wie niemandem auf dieser Welt w\u00fcnschen. Doch letztlich hatte diese lange Zeit in Salta auch etwas sehr gutes f\u00fcr uns beide. Wir wurden zur Langsamkeit gezwungen, quasi entschleunigt. Von uns aus h\u00e4tten wir uns dies nie zugestanden. Doch nur so konnten wir Dinge erleben, sehen und f\u00fchlen, die uns sonst verborgen geblieben w\u00e4ren. Ich meine zu sp\u00fcren, dass dies Auswirkungen weit \u00fcber Salta hinaus haben wird!<\/p><p style=\"margin-bottom: 0cm;\">\u00a0<\/p><\/div>\n\t\t\t\t<\/div>\n\t\t\t\t<\/div>\n\t\t\t\t\t\t<\/div>\n\t\t\t\t\t<\/div>\n\t\t<\/div>\n\t\t\t\t\t\t\t\t<\/div>\n\t\t\t\t\t<\/div>\n\t\t<\/section>\n\t\t\t\t\t\t<\/div>\n\t\t\t\t\t\t<\/div>\n\t\t\t\t\t<\/div>\n\t\t","protected":false},"excerpt":{"rendered":"<p>Am Ende haben uns die Probleme rund um Pattys Motor mit Unterbrechungen fast zwei Monate in und um Salta beschert. Nat\u00fcrlich kam immer wieder mal Frust auf, vor allem auch deshalb, weil alles viel schneller und billiger h\u00e4tte erledigt sein <a href=\"https:\/\/leute-laender-leckereien.de\/wordpress\/2018\/11\/20\/salta-szenen-eindruecke-und-gedanken\/\"> Read more&#8230;<\/a><\/p>\n","protected":false},"author":1,"featured_media":742,"comment_status":"open","ping_status":"open","sticky":false,"template":"","format":"standard","meta":[],"categories":[5,4],"tags":[16,15,14],"_links":{"self":[{"href":"https:\/\/leute-laender-leckereien.de\/wordpress\/wp-json\/wp\/v2\/posts\/746"}],"collection":[{"href":"https:\/\/leute-laender-leckereien.de\/wordpress\/wp-json\/wp\/v2\/posts"}],"about":[{"href":"https:\/\/leute-laender-leckereien.de\/wordpress\/wp-json\/wp\/v2\/types\/post"}],"author":[{"embeddable":true,"href":"https:\/\/leute-laender-leckereien.de\/wordpress\/wp-json\/wp\/v2\/users\/1"}],"replies":[{"embeddable":true,"href":"https:\/\/leute-laender-leckereien.de\/wordpress\/wp-json\/wp\/v2\/comments?post=746"}],"version-history":[{"count":10,"href":"https:\/\/leute-laender-leckereien.de\/wordpress\/wp-json\/wp\/v2\/posts\/746\/revisions"}],"predecessor-version":[{"id":817,"href":"https:\/\/leute-laender-leckereien.de\/wordpress\/wp-json\/wp\/v2\/posts\/746\/revisions\/817"}],"wp:featuredmedia":[{"embeddable":true,"href":"https:\/\/leute-laender-leckereien.de\/wordpress\/wp-json\/wp\/v2\/media\/742"}],"wp:attachment":[{"href":"https:\/\/leute-laender-leckereien.de\/wordpress\/wp-json\/wp\/v2\/media?parent=746"}],"wp:term":[{"taxonomy":"category","embeddable":true,"href":"https:\/\/leute-laender-leckereien.de\/wordpress\/wp-json\/wp\/v2\/categories?post=746"},{"taxonomy":"post_tag","embeddable":true,"href":"https:\/\/leute-laender-leckereien.de\/wordpress\/wp-json\/wp\/v2\/tags?post=746"}],"curies":[{"name":"wp","href":"https:\/\/api.w.org\/{rel}","templated":true}]}}